{"id":613,"date":"2026-02-22T19:50:05","date_gmt":"2026-02-22T19:50:05","guid":{"rendered":"https:\/\/foerderverein-fdg.de\/?p=613"},"modified":"2026-02-22T19:50:05","modified_gmt":"2026-02-22T19:50:05","slug":"einladung-zur-mitgliederversammlung-2026","status":"publish","type":"post","link":"https:\/\/foerderverein-fdg.de\/index.php\/2026\/02\/22\/einladung-zur-mitgliederversammlung-2026\/","title":{"rendered":"Einladung zur Mitgliederversammlung 2026"},"content":{"rendered":"\n<p><strong>am Mittwoch, dem 11. M\u00e4rz 2026 um 19.00 Uhr<\/strong><\/p>\n\n\n\n<p><strong>im Friedrich-Dessauer-Gymnasium,<\/strong><\/p>\n\n\n\n<p><strong>Michael-Stumpf-Str. 2, Raum 223<\/strong><\/p>\n\n\n\n<p>\u00a0\u00a0\u00a0\u00a0\u00a0\u00a0\u00a0\u00a0\u00a0\u00a0\u00a0\u00a0\u00a0\u00a0\u00a0\u00a0\u00a0\u00a0\u00a0\u00a0\u00a0\u00a0\u00a0\u00a0\u00a0\u00a0\u00a0\u00a0\u00a0\u00a0\u00a0\u00a0\u00a0\u00a0\u00a0\u00a0\u00a0\u00a0\u00a0\u00a0\u00a0\u00a0\u00a0\u00a0\u00a0\u00a0\u00a0\u00a0\u00a0\u00a0\u00a0\u00a0\u00a0\u00a0\u00a0\u00a0\u00a0\u00a0\u00a0\u00a0\u00a0\u00a0\u00a0\u00a0\u00a0\u00a0\u00a0\u00a0\u00a0\u00a0<\/p>\n\n\n\n<p>Liebe Mitglieder unseres F\u00f6rdervereins,&nbsp;<\/p>\n\n\n\n<p>hiermit laden wir Sie zur Mitgliederversammlung am&nbsp;<strong>Mittwoch, dem 11. M\u00e4rz 2026&nbsp;<\/strong><\/p>\n\n\n\n<p>um 19.00 Uhr in das Friedrich-Dessauer-Gymnasium in Raum 223 (2. Stock) ein.<\/p>\n\n\n\n<p>Tagesordnung:<\/p>\n\n\n\n<ol class=\"wp-block-list\">\n<li>Bericht des Vorsitzenden<\/li>\n\n\n\n<li>Bericht der Schatzmeisterin<\/li>\n\n\n\n<li>Bericht des Kassenpr\u00fcfers<\/li>\n\n\n\n<li>Entlastung des Vorstandes<\/li>\n\n\n\n<li>Wahlen:<br>&#8211; Vorsitzender<br>&#8211; 1. Stellv. Vorsitzender<br>&#8211; 2. Stellv. Vorsitzender<br>&#8211; Kassiererin<br>&#8211; Kassenpr\u00fcfer<\/li>\n\n\n\n<li>Bericht der Schulleitung<\/li>\n\n\n\n<li>Verschiedenes<\/li>\n<\/ol>\n\n\n\n<p>\u00dcber Ihre Teilnahme an der Mitgliederversammlung w\u00fcrden wir uns sehr freuen!<\/p>\n\n\n\n<p>Stefan J\u00fcptner<\/p>\n\n\n\n<p>(2. stellv. Vorsitzender)<\/p>\n","protected":false},"excerpt":{"rendered":"<p>am Mittwoch, dem 11. M\u00e4rz 2026 um 19.00 Uhr im Friedrich-Dessauer-Gymnasium, Michael-Stumpf-Str. 2, Raum 223 \u00a0\u00a0\u00a0\u00a0\u00a0\u00a0\u00a0\u00a0\u00a0\u00a0\u00a0\u00a0\u00a0\u00a0\u00a0\u00a0\u00a0\u00a0\u00a0\u00a0\u00a0\u00a0\u00a0\u00a0\u00a0\u00a0\u00a0\u00a0\u00a0\u00a0\u00a0\u00a0\u00a0\u00a0\u00a0\u00a0\u00a0\u00a0\u00a0\u00a0\u00a0\u00a0\u00a0\u00a0\u00a0\u00a0\u00a0\u00a0\u00a0\u00a0\u00a0\u00a0\u00a0\u00a0\u00a0\u00a0\u00a0\u00a0\u00a0\u00a0\u00a0\u00a0\u00a0\u00a0\u00a0\u00a0\u00a0\u00a0\u00a0\u00a0 Liebe Mitglieder unseres F\u00f6rdervereins,&nbsp; hiermit laden wir Sie zur Mitgliederversammlung am&nbsp;Mittwoch, dem 11. M\u00e4rz 2026&nbsp; um 19.00 Uhr in das Friedrich-Dessauer-Gymnasium in Raum 223 (2. Stock) ein. Tagesordnung: \u00dcber Ihre Teilnahme an der Mitgliederversammlung w\u00fcrden wir uns sehr freuen! [&hellip;]<\/p>\n","protected":false},"author":1,"featured_media":0,"comment_status":"open","ping_status":"closed","sticky":false,"template":"","format":"standard","meta":{"footnotes":""},"categories":[1],"tags":[],"class_list":["post-613","post","type-post","status-publish","format-standard","hentry","category-uncategorized"],"_links":{"self":[{"href":"https:\/\/foerderverein-fdg.de\/index.php\/wp-json\/wp\/v2\/posts\/613","targetHints":{"allow":["GET"]}}],"collection":[{"href":"https:\/\/foerderverein-fdg.de\/index.php\/wp-json\/wp\/v2\/posts"}],"about":[{"href":"https:\/\/foerderverein-fdg.de\/index.php\/wp-json\/wp\/v2\/types\/post"}],"author":[{"embeddable":true,"href":"https:\/\/foerderverein-fdg.de\/index.php\/wp-json\/wp\/v2\/users\/1"}],"replies":[{"embeddable":true,"href":"https:\/\/foerderverein-fdg.de\/index.php\/wp-json\/wp\/v2\/comments?post=613"}],"version-history":[{"count":1,"href":"https:\/\/foerderverein-fdg.de\/index.php\/wp-json\/wp\/v2\/posts\/613\/revisions"}],"predecessor-version":[{"id":614,"href":"https:\/\/foerderverein-fdg.de\/index.php\/wp-json\/wp\/v2\/posts\/613\/revisions\/614"}],"wp:attachment":[{"href":"https:\/\/foerderverein-fdg.de\/index.php\/wp-json\/wp\/v2\/media?parent=613"}],"wp:term":[{"taxonomy":"category","embeddable":true,"href":"https:\/\/foerderverein-fdg.de\/index.php\/wp-json\/wp\/v2\/categories?post=613"},{"taxonomy":"post_tag","embeddable":true,"href":"https:\/\/foerderverein-fdg.de\/index.php\/wp-json\/wp\/v2\/tags?post=613"}],"curies":[{"name":"wp","href":"https:\/\/api.w.org\/{rel}","templated":true}]}}